{"id":48,"date":"2014-05-06T16:17:37","date_gmt":"2014-05-06T16:17:37","guid":{"rendered":"http:\/\/susssani.braun-it.de\/?p=48"},"modified":"2014-05-06T18:43:48","modified_gmt":"2014-05-06T18:43:48","slug":"sonntag-in-der-schweiz","status":"publish","type":"post","link":"https:\/\/susssani.braun-it.de\/?p=48","title":{"rendered":"Sonntag in der Schweiz"},"content":{"rendered":"<p>So, liebe Leute, ich muss jetzt schon ganz sch\u00f6n in meinen Hirnwindungen rumgraben, was Sonntag passiert ist. Heute ist n\u00e4mlich schon Dienstag.<\/p>\n<p>Also &#8230; Fr\u00fchst\u00fcck (daran erinnere ich mich) mit Ei. Sch\u00f6nstes Wetter. Sonne satt. Ab ins Auto mit dem festen Vorhaben zu wandern. Also \u00fcber Kurven, Kurven, Kurven Richtung Monte Tamaro. Die geplante Wanderung fing oben an. Oben hei\u00dft: KALT, SCHNEE, WIND. Also nix f\u00fcr unsere Susssani. Kurz Foto machen und schnell wieder nach unten in die W\u00e4rme.<\/p>\n<p>Ich m\u00f6chte in den Garten auf die gem\u00fctliche Sonnenliege und mit meinem Tolino lesen (ich lese gerade &#8222;Das Rosie-Projekt&#8220; &#8211; tolles Buch).<\/p>\n<p>Jetzt f\u00e4llt&#8217;s mir wieder ein: Bevor wir nach Hause fuhren, haben wir noch in Vira (sehr nettes \u00d6rtchen) angehalten.<\/p>\n<p>Gesagt &#8211; gefahrn und angekommen:<\/p>\n<p><a href=\"https:\/\/susssani.braun-it.de\/wp-content\/uploads\/2014\/05\/G\u00e4sschen-in-Vira.jpg\"><img loading=\"lazy\" decoding=\"async\" class=\"alignnone size-medium wp-image-51\" src=\"https:\/\/susssani.braun-it.de\/wp-content\/uploads\/2014\/05\/G\u00e4sschen-in-Vira-300x168.jpg\" alt=\"G\u00e4sschen in Vira\" width=\"300\" height=\"168\" srcset=\"https:\/\/susssani.braun-it.de\/wp-content\/uploads\/2014\/05\/G\u00e4sschen-in-Vira-300x168.jpg 300w, https:\/\/susssani.braun-it.de\/wp-content\/uploads\/2014\/05\/G\u00e4sschen-in-Vira.jpg 600w\" sizes=\"auto, (max-width: 300px) 100vw, 300px\" \/><\/a><\/p>\n<p><a href=\"https:\/\/susssani.braun-it.de\/wp-content\/uploads\/2014\/05\/Und-noch-ein-G\u00e4sschen-in-Vira.jpg\"><img loading=\"lazy\" decoding=\"async\" class=\"alignnone size-medium wp-image-52\" src=\"https:\/\/susssani.braun-it.de\/wp-content\/uploads\/2014\/05\/Und-noch-ein-G\u00e4sschen-in-Vira-168x300.jpg\" alt=\"Und noch ein G\u00e4sschen in Vira\" width=\"168\" height=\"300\" srcset=\"https:\/\/susssani.braun-it.de\/wp-content\/uploads\/2014\/05\/Und-noch-ein-G\u00e4sschen-in-Vira-168x300.jpg 168w, https:\/\/susssani.braun-it.de\/wp-content\/uploads\/2014\/05\/Und-noch-ein-G\u00e4sschen-in-Vira.jpg 337w\" sizes=\"auto, (max-width: 168px) 100vw, 168px\" \/><\/a><\/p>\n<p>Es gibt dort sogar einen Strand. H\u00e4tte ich den Bikini mitgenommen, w\u00e4r&#8216; ich reingegangen. Sieht nur so kalt aus!<\/p>\n<p><a href=\"https:\/\/susssani.braun-it.de\/wp-content\/uploads\/2014\/05\/Lago-Maggiore-ein-bissken-k\u00fchl.jpg\"><img loading=\"lazy\" decoding=\"async\" class=\"alignnone size-medium wp-image-53\" src=\"https:\/\/susssani.braun-it.de\/wp-content\/uploads\/2014\/05\/Lago-Maggiore-ein-bissken-k\u00fchl-300x168.jpg\" alt=\"Lago Maggiore, ein bissken k\u00fchl\" width=\"300\" height=\"168\" srcset=\"https:\/\/susssani.braun-it.de\/wp-content\/uploads\/2014\/05\/Lago-Maggiore-ein-bissken-k\u00fchl-300x168.jpg 300w, https:\/\/susssani.braun-it.de\/wp-content\/uploads\/2014\/05\/Lago-Maggiore-ein-bissken-k\u00fchl.jpg 600w\" sizes=\"auto, (max-width: 300px) 100vw, 300px\" \/><\/a><\/p>\n<p>Und au\u00dferdem war gerade Flut mit HOHEN WELLEN:<\/p>\n<p><a href=\"https:\/\/susssani.braun-it.de\/wp-content\/uploads\/2014\/05\/War-gerade-Flut.jpg\"><img loading=\"lazy\" decoding=\"async\" class=\"alignnone size-medium wp-image-54\" src=\"https:\/\/susssani.braun-it.de\/wp-content\/uploads\/2014\/05\/War-gerade-Flut-300x168.jpg\" alt=\"War gerade Flut\" width=\"300\" height=\"168\" srcset=\"https:\/\/susssani.braun-it.de\/wp-content\/uploads\/2014\/05\/War-gerade-Flut-300x168.jpg 300w, https:\/\/susssani.braun-it.de\/wp-content\/uploads\/2014\/05\/War-gerade-Flut.jpg 600w\" sizes=\"auto, (max-width: 300px) 100vw, 300px\" \/><\/a><\/p>\n<p>Jetzt aber ab auf die Liege:<\/p>\n<p><a href=\"https:\/\/susssani.braun-it.de\/wp-content\/uploads\/2014\/05\/CHILLEN.jpg\"><img loading=\"lazy\" decoding=\"async\" class=\"alignnone size-medium wp-image-50\" src=\"https:\/\/susssani.braun-it.de\/wp-content\/uploads\/2014\/05\/CHILLEN-300x168.jpg\" alt=\"CHILLEN\" width=\"300\" height=\"168\" srcset=\"https:\/\/susssani.braun-it.de\/wp-content\/uploads\/2014\/05\/CHILLEN-300x168.jpg 300w, https:\/\/susssani.braun-it.de\/wp-content\/uploads\/2014\/05\/CHILLEN.jpg 768w\" sizes=\"auto, (max-width: 300px) 100vw, 300px\" \/><\/a><\/p>\n<p>Dann gab&#8217;s erst mal ein Erfrischungsgetr\u00e4nk. Aperol-Spritzz:<\/p>\n<p><a href=\"https:\/\/susssani.braun-it.de\/wp-content\/uploads\/2014\/05\/Aperol-Spritz-schmeckt-immer.jpg\"><img loading=\"lazy\" decoding=\"async\" class=\"alignnone size-medium wp-image-49\" src=\"https:\/\/susssani.braun-it.de\/wp-content\/uploads\/2014\/05\/Aperol-Spritz-schmeckt-immer-300x168.jpg\" alt=\"Aperol-Spritz - schmeckt immer\" width=\"300\" height=\"168\" srcset=\"https:\/\/susssani.braun-it.de\/wp-content\/uploads\/2014\/05\/Aperol-Spritz-schmeckt-immer-300x168.jpg 300w, https:\/\/susssani.braun-it.de\/wp-content\/uploads\/2014\/05\/Aperol-Spritz-schmeckt-immer.jpg 600w\" sizes=\"auto, (max-width: 300px) 100vw, 300px\" \/><\/a><\/p>\n<p>Unser Haus vom Garten aus gesehen. Is dat sch\u00f6n oder ist dat sch\u00f6n??? Unten rechts im Bild sieht man \u00fcbrigens den Eingang zur Gartenwohnung.<\/p>\n<p><a href=\"https:\/\/susssani.braun-it.de\/wp-content\/uploads\/2014\/05\/Unser-Haus-vom-Garten-aus.jpg\"><img loading=\"lazy\" decoding=\"async\" class=\"alignnone size-medium wp-image-55\" src=\"https:\/\/susssani.braun-it.de\/wp-content\/uploads\/2014\/05\/Unser-Haus-vom-Garten-aus-300x168.jpg\" alt=\"Unser Haus vom Garten aus\" width=\"300\" height=\"168\" srcset=\"https:\/\/susssani.braun-it.de\/wp-content\/uploads\/2014\/05\/Unser-Haus-vom-Garten-aus-300x168.jpg 300w, https:\/\/susssani.braun-it.de\/wp-content\/uploads\/2014\/05\/Unser-Haus-vom-Garten-aus.jpg 600w\" sizes=\"auto, (max-width: 300px) 100vw, 300px\" \/><\/a><\/p>\n<p>Und dann gab&#8217;s Salat mit Brot und K\u00e4se und Wein. Vierg\u00e4ngemen\u00fcs sind nicht drin in dieser K\u00fcche! Aber sch\u00f6n ist sie trotzdem, oder?<\/p>\n<p><a href=\"https:\/\/susssani.braun-it.de\/wp-content\/uploads\/2014\/05\/K\u00fcche-ein-klein-wenig-zu-eng.jpg\"><img loading=\"lazy\" decoding=\"async\" class=\"alignnone size-medium wp-image-56\" src=\"https:\/\/susssani.braun-it.de\/wp-content\/uploads\/2014\/05\/K\u00fcche-ein-klein-wenig-zu-eng-300x168.jpg\" alt=\"K\u00fcche, ein klein wenig zu eng\" width=\"300\" height=\"168\" srcset=\"https:\/\/susssani.braun-it.de\/wp-content\/uploads\/2014\/05\/K\u00fcche-ein-klein-wenig-zu-eng-300x168.jpg 300w, https:\/\/susssani.braun-it.de\/wp-content\/uploads\/2014\/05\/K\u00fcche-ein-klein-wenig-zu-eng.jpg 800w\" sizes=\"auto, (max-width: 300px) 100vw, 300px\" \/><\/a><\/p>\n<p>&#8230; und sie hat alles, wirklich alles, was man braucht (Salatschleuder, Mixer, einen super P\u00fcrierstab, tausende von Messern, Sp\u00fclmaschine, Toaster, Auflaufformen, Salatsch\u00fcsseln, Sp\u00fclmittel, Sp\u00fclmaschinentabs, diverse Reiben, ach und so weiter und so weiter). Hab ich vorher noch nie gehabt!<\/p>\n<p>Ich glaube, nach Aperol-Spritzz, Essen und Wein sind wir dann ins Bett gegangen.<\/p>\n<p>&nbsp;<\/p>\n","protected":false},"excerpt":{"rendered":"<p>So, liebe Leute, ich muss jetzt schon ganz sch\u00f6n in meinen Hirnwindungen rumgraben, was Sonntag passiert ist. Heute ist n\u00e4mlich schon Dienstag. Also &#8230; Fr\u00fchst\u00fcck (daran erinnere ich mich) mit Ei. Sch\u00f6nstes Wetter. Sonne satt. Ab ins Auto mit dem festen Vorhaben zu wandern. Also \u00fcber Kurven, Kurven, Kurven Richtung Monte Tamaro. Die geplante Wanderung &hellip; <a href=\"https:\/\/susssani.braun-it.de\/?p=48\" class=\"more-link\"><span class=\"screen-reader-text\">Sonntag in der Schweiz<\/span> weiterlesen <span class=\"meta-nav\">&rarr;<\/span><\/a><\/p>\n","protected":false},"author":1,"featured_media":0,"comment_status":"open","ping_status":"open","sticky":false,"template":"","format":"standard","meta":{"footnotes":""},"categories":[1],"tags":[],"class_list":["post-48","post","type-post","status-publish","format-standard","hentry","category-uncategorized"],"_links":{"self":[{"href":"https:\/\/susssani.braun-it.de\/index.php?rest_route=\/wp\/v2\/posts\/48","targetHints":{"allow":["GET"]}}],"collection":[{"href":"https:\/\/susssani.braun-it.de\/index.php?rest_route=\/wp\/v2\/posts"}],"about":[{"href":"https:\/\/susssani.braun-it.de\/index.php?rest_route=\/wp\/v2\/types\/post"}],"author":[{"embeddable":true,"href":"https:\/\/susssani.braun-it.de\/index.php?rest_route=\/wp\/v2\/users\/1"}],"replies":[{"embeddable":true,"href":"https:\/\/susssani.braun-it.de\/index.php?rest_route=%2Fwp%2Fv2%2Fcomments&post=48"}],"version-history":[{"count":3,"href":"https:\/\/susssani.braun-it.de\/index.php?rest_route=\/wp\/v2\/posts\/48\/revisions"}],"predecessor-version":[{"id":74,"href":"https:\/\/susssani.braun-it.de\/index.php?rest_route=\/wp\/v2\/posts\/48\/revisions\/74"}],"wp:attachment":[{"href":"https:\/\/susssani.braun-it.de\/index.php?rest_route=%2Fwp%2Fv2%2Fmedia&parent=48"}],"wp:term":[{"taxonomy":"category","embeddable":true,"href":"https:\/\/susssani.braun-it.de\/index.php?rest_route=%2Fwp%2Fv2%2Fcategories&post=48"},{"taxonomy":"post_tag","embeddable":true,"href":"https:\/\/susssani.braun-it.de\/index.php?rest_route=%2Fwp%2Fv2%2Ftags&post=48"}],"curies":[{"name":"wp","href":"https:\/\/api.w.org\/{rel}","templated":true}]}}